{"id":2299,"date":"2026-03-13T10:42:15","date_gmt":"2026-03-13T10:42:15","guid":{"rendered":"https:\/\/www.nageebgardizi.com\/website\/?p=2299"},"modified":"2026-04-23T21:32:35","modified_gmt":"2026-04-23T21:32:35","slug":"art-nouveau-2026","status":"publish","type":"post","link":"https:\/\/www.nageebgardizi.com\/website\/?p=2299","title":{"rendered":"Art Nouveau &#038; Musik"},"content":{"rendered":"<p><a href=\"https:\/\/www.nageebgardizi.com\/wp-content\/uploads\/2026\/03\/art-nouveau-Ex_Libris_Franz_Filsipek.jpg\" rel=\"wp-prettyPhoto[g2299]\"><img loading=\"lazy\" decoding=\"async\" class=\"size-medium wp-image-2301 aligncenter\" src=\"https:\/\/www.nageebgardizi.com\/wp-content\/uploads\/2026\/03\/art-nouveau-Ex_Libris_Franz_Filsipek-187x300.jpg\" alt=\"\" width=\"187\" height=\"300\" srcset=\"https:\/\/www.nageebgardizi.com\/wp-content\/uploads\/2026\/03\/art-nouveau-Ex_Libris_Franz_Filsipek-187x300.jpg 187w, https:\/\/www.nageebgardizi.com\/wp-content\/uploads\/2026\/03\/art-nouveau-Ex_Libris_Franz_Filsipek.jpg 435w\" sizes=\"auto, (max-width: 187px) 100vw, 187px\" \/><\/a><\/p>\n<p>&nbsp;<\/p>\n<p>&nbsp;<\/p>\n<p>&nbsp;<\/p>\n<p style=\"text-align: center;\">&#8218;Art Nouveau&#8216; in der Musik &#8211; wie ist das m\u00f6glich?<\/p>\n<p style=\"text-align: center;\">Es ist dies die ewige Frage nach dem Neuen in der erlebbaren Welt, diesseits, wie jenseits menschlicher Realit\u00e4t, in all&#8216; ihrer vielschichtigen Symbolik &amp; Irrationalit\u00e4t.<\/p>\n<p style=\"text-align: center;\">Sonne, Mond &amp; Erde werden eins &#8211; eine Reise in die Epizentren einer neuen Klangsinnlichkeit &amp; Emanzipation.<\/p>\n<p style=\"text-align: center;\">&nbsp;<\/p>\n<p style=\"text-align: center;\"><strong>&#8218;Paris im Zauberkleid&#8216;<\/strong><\/p>\n<p style=\"text-align: center;\">&nbsp;<\/p>\n<p style=\"text-align: center;\">M\u00e9lanie Bonis<\/p>\n<p style=\"text-align: center;\">&#8218;Femmes de L\u00e9gende&#8216; (1898-1913)<\/p>\n<p style=\"text-align: center;\">Phoeb\u00e9; Viviane; Salom\u00e9; Desd\u00e9mona; M\u00e9lisande; Oph\u00e9lie; Omphale<\/p>\n<p style=\"text-align: center;\">&nbsp;<\/p>\n<p style=\"text-align: center;\">C\u00e9cile Chaminade<\/p>\n<p style=\"text-align: center;\">Berceuse, op. 6 (1878)<\/p>\n<p style=\"text-align: center;\">Au Pays D\u00e9vast\u00e9, op. 155 (1919)<\/p>\n<p>&nbsp;<\/p>\n<p style=\"text-align: center;\">Sonate en ut-mineur, op. 21, pour Piano&nbsp;<\/p>\n<p style=\"text-align: center;\">Allegro appassionato.&nbsp; Andante.&nbsp; Allegro.<\/p>\n<p style=\"text-align: center;\">&nbsp;<\/p>\n<p>&nbsp;<\/p>\n<p style=\"text-align: center;\"><strong>Samstag, 04. April &#8217;26, 19h<\/strong><\/p>\n<p style=\"text-align: center;\"><a href=\"https:\/\/www.pianooptik.de\/events\">PianO-Optik, K\u00f6ln<\/a><\/p>\n<p style=\"text-align: center;\">&nbsp;<\/p>\n<p style=\"text-align: center;\"><strong>Mittwoch, 22. April &#8217;26, 20h&nbsp;<\/strong><\/p>\n<p style=\"text-align: center;\"><a href=\"https:\/\/collmus.uni-koeln.de\/konzerte\">Universit\u00e4t zu K\u00f6ln (Aula)<\/a><\/p>\n<p style=\"text-align: center;\"><a href=\"https:\/\/youtu.be\/fYO74RsM9I4\">excerpt<\/a><\/p>\n<p style=\"text-align: center;\">Albertus Magnus-Platz, 50923 K\u00f6ln<\/p>\n<p style=\"text-align: center;\">&nbsp;<\/p>\n<p style=\"text-align: center;\"><strong>Sonntag, 10. Mai &#8217;26, 18h<\/strong><\/p>\n<p style=\"text-align: center;\">Einf\u00fchrung: 17.30h<\/p>\n<p style=\"text-align: center;\">Pauluskirche Krefeld<\/p>\n<p style=\"text-align: center;\">Moritzplatz, 47803 Krefeld<\/p>\n<p style=\"text-align: center;\">&nbsp;<\/p>\n<p style=\"text-align: center;\">&nbsp;<\/p>\n<p style=\"text-align: center;\"><strong>Arcadia &#8211; Legenden der Unsterblichkeit<\/strong><\/p>\n<p>&nbsp;<\/p>\n<p style=\"text-align: center;\">Fr\u00e9d\u00e9ric Chopin<\/p>\n<p style=\"text-align: center;\">Ballade in g-moll, op. 23<\/p>\n<p style=\"text-align: center;\">Ballade in F-Dur, op. 38<\/p>\n<p style=\"text-align: center;\">Ballade in As-Dur, op. 47<\/p>\n<p style=\"text-align: center;\">Ballade in f-Moll, op. 52<\/p>\n<p style=\"text-align: center;\">&nbsp;<\/p>\n<p style=\"text-align: center;\">Sergeij Prokofjev<\/p>\n<p style=\"text-align: center;\">Contes de la Vieille Grand&#8217;M\u00e8re, op. 31 (1918)<\/p>\n<p style=\"text-align: center;\">Moderato.&nbsp; Andantino.&nbsp; Andante assai.&nbsp; Sostenuto.<\/p>\n<p style=\"text-align: center;\"><em>&#8218;certains souvenirs se sont \u00e0 moiti\u00e9 effac\u00e9s dans sa m\u00e9moire, d&#8217;autres ne s&#8217;effaceront jamais&#8216;<\/em><\/p>\n<p style=\"text-align: center;\">(Sergeij Prokofiev \u00fcber das Werk)<\/p>\n<p>&nbsp;<\/p>\n<p>&nbsp;<\/p>\n<p style=\"text-align: center;\"><strong>Sonntag, 28. Juni &#8217;26, 18h<\/strong><\/p>\n<p style=\"text-align: center;\">Einf\u00fchrung: 17.30h<\/p>\n<p style=\"text-align: center;\">Pauluskirche Krefeld<\/p>\n<p style=\"text-align: center;\">Moritzplatz, 47803 Krefeld<\/p>\n<p style=\"text-align: center;\">&nbsp;<\/p>\n<p style=\"text-align: center;\">&nbsp;<\/p>\n<p style=\"text-align: center;\"><strong>Samstag, 01. August &#8217;26, 19h<\/strong><\/p>\n<p style=\"text-align: center;\"><a href=\"https:\/\/www.pianooptik.de\/events\">PianO-Optik, K\u00f6ln<\/a><\/p>\n","protected":false},"excerpt":{"rendered":"<p>&nbsp; &nbsp; &nbsp; &#8218;Art Nouveau&#8216; in der Musik &#8211; wie ist das m\u00f6glich? Es ist dies die ewige Frage nach dem Neuen in der erlebbaren Welt, diesseits, wie jenseits menschlicher Realit\u00e4t, in all&#8216; ihrer vielschichtigen Symbolik &amp; Irrationalit\u00e4t. Sonne, Mond &amp; Erde werden eins &#8211; eine Reise in die Epizentren einer neuen Klangsinnlichkeit &amp; Emanzipation. [&hellip;]<\/p>\n","protected":false},"author":4,"featured_media":0,"comment_status":"closed","ping_status":"closed","sticky":false,"template":"","format":"standard","meta":{"ngg_post_thumbnail":0,"footnotes":""},"categories":[1],"tags":[],"class_list":["post-2299","post","type-post","status-publish","format-standard","hentry","category-allgemein"],"_links":{"self":[{"href":"https:\/\/www.nageebgardizi.com\/index.php?rest_route=\/wp\/v2\/posts\/2299","targetHints":{"allow":["GET"]}}],"collection":[{"href":"https:\/\/www.nageebgardizi.com\/index.php?rest_route=\/wp\/v2\/posts"}],"about":[{"href":"https:\/\/www.nageebgardizi.com\/index.php?rest_route=\/wp\/v2\/types\/post"}],"author":[{"embeddable":true,"href":"https:\/\/www.nageebgardizi.com\/index.php?rest_route=\/wp\/v2\/users\/4"}],"replies":[{"embeddable":true,"href":"https:\/\/www.nageebgardizi.com\/index.php?rest_route=%2Fwp%2Fv2%2Fcomments&post=2299"}],"version-history":[{"count":12,"href":"https:\/\/www.nageebgardizi.com\/index.php?rest_route=\/wp\/v2\/posts\/2299\/revisions"}],"predecessor-version":[{"id":2325,"href":"https:\/\/www.nageebgardizi.com\/index.php?rest_route=\/wp\/v2\/posts\/2299\/revisions\/2325"}],"wp:attachment":[{"href":"https:\/\/www.nageebgardizi.com\/index.php?rest_route=%2Fwp%2Fv2%2Fmedia&parent=2299"}],"wp:term":[{"taxonomy":"category","embeddable":true,"href":"https:\/\/www.nageebgardizi.com\/index.php?rest_route=%2Fwp%2Fv2%2Fcategories&post=2299"},{"taxonomy":"post_tag","embeddable":true,"href":"https:\/\/www.nageebgardizi.com\/index.php?rest_route=%2Fwp%2Fv2%2Ftags&post=2299"}],"curies":[{"name":"wp","href":"https:\/\/api.w.org\/{rel}","templated":true}]}}